{"id":1384,"date":"2020-01-09T07:51:01","date_gmt":"2020-01-09T06:51:01","guid":{"rendered":"http:\/\/ligeka.de\/?p=1384"},"modified":"2020-01-09T07:51:02","modified_gmt":"2020-01-09T06:51:02","slug":"kartenvorverkauf-beginnt","status":"publish","type":"post","link":"https:\/\/ligeka.de\/?p=1384","title":{"rendered":"Kartenvorverkauf beginnt!"},"content":{"rendered":"\n<figure class=\"wp-block-image size-large is-resized\"><img loading=\"lazy\" decoding=\"async\" src=\"http:\/\/ligeka.de\/wp-content\/uploads\/Unbenannt-1.jpg\" alt=\"\" class=\"wp-image-1385\" width=\"288\" height=\"394\" srcset=\"https:\/\/ligeka.de\/wp-content\/uploads\/Unbenannt-1.jpg 474w, https:\/\/ligeka.de\/wp-content\/uploads\/Unbenannt-1-219x300.jpg 219w\" sizes=\"auto, (max-width: 288px) 100vw, 288px\" \/><\/figure>\n\n\n\n<p>Am Samstag den 11.1.2020 startet der Vorverkauf zu unseren zwei Kappensitzungen .<\/p>\n\n\n\n<p>Wie immer an den bekannten Vorverkaufstellen:<\/p>\n\n\n\n<p>B\u00e4ckerei Breininger, Feldstra\u00dfe in Lisdorf<\/p>\n\n\n\n<p>Salon Willkomm, Provinzialstra\u00dfe in Lisdorf<\/p>\n\n\n\n<p>Salon Gabi, Thirionstra\u00dfe in Roden<\/p>\n\n\n\n<p>Wir freuen uns auf Euch!<\/p>\n","protected":false},"excerpt":{"rendered":"<p>Am Samstag den 11.1.2020 startet der Vorverkauf zu unseren zwei Kappensitzungen . Wie immer an den bekannten Vorverkaufstellen: B\u00e4ckerei Breininger, Feldstra\u00dfe in Lisdorf Salon Willkomm, Provinzialstra\u00dfe in Lisdorf Salon Gabi, &hellip; <a href=\"https:\/\/ligeka.de\/?p=1384\" class=\"more-link\"><span class=\"screen-reader-text\">Kartenvorverkauf beginnt!<\/span> weiterlesen <span class=\"meta-nav\">&rarr;<\/span><\/a><\/p>\n","protected":false},"author":2,"featured_media":0,"comment_status":"closed","ping_status":"closed","sticky":false,"template":"","format":"standard","meta":{"footnotes":""},"categories":[1],"tags":[],"class_list":["post-1384","post","type-post","status-publish","format-standard","hentry","category-allgemein"],"_links":{"self":[{"href":"https:\/\/ligeka.de\/index.php?rest_route=\/wp\/v2\/posts\/1384","targetHints":{"allow":["GET"]}}],"collection":[{"href":"https:\/\/ligeka.de\/index.php?rest_route=\/wp\/v2\/posts"}],"about":[{"href":"https:\/\/ligeka.de\/index.php?rest_route=\/wp\/v2\/types\/post"}],"author":[{"embeddable":true,"href":"https:\/\/ligeka.de\/index.php?rest_route=\/wp\/v2\/users\/2"}],"replies":[{"embeddable":true,"href":"https:\/\/ligeka.de\/index.php?rest_route=%2Fwp%2Fv2%2Fcomments&post=1384"}],"version-history":[{"count":2,"href":"https:\/\/ligeka.de\/index.php?rest_route=\/wp\/v2\/posts\/1384\/revisions"}],"predecessor-version":[{"id":1387,"href":"https:\/\/ligeka.de\/index.php?rest_route=\/wp\/v2\/posts\/1384\/revisions\/1387"}],"wp:attachment":[{"href":"https:\/\/ligeka.de\/index.php?rest_route=%2Fwp%2Fv2%2Fmedia&parent=1384"}],"wp:term":[{"taxonomy":"category","embeddable":true,"href":"https:\/\/ligeka.de\/index.php?rest_route=%2Fwp%2Fv2%2Fcategories&post=1384"},{"taxonomy":"post_tag","embeddable":true,"href":"https:\/\/ligeka.de\/index.php?rest_route=%2Fwp%2Fv2%2Ftags&post=1384"}],"curies":[{"name":"wp","href":"https:\/\/api.w.org\/{rel}","templated":true}]}}